{"id":1796,"date":"2025-05-10T18:30:00","date_gmt":"2025-05-10T16:30:00","guid":{"rendered":"https:\/\/journal.jaimes.cat\/?p=1796"},"modified":"2025-05-10T18:54:21","modified_gmt":"2025-05-10T16:54:21","slug":"aperitiu-poetic-amb-ana-blandiana-en-catala-i-frances","status":"publish","type":"post","link":"https:\/\/journal.jaimes.cat\/?p=1796","title":{"rendered":"Aperitiu po\u00e8tic amb Ana Blandiana en catal\u00e0 i franc\u00e8s"},"content":{"rendered":"<p><a href=\"https:\/\/www.jaimes.cat\/event\/1859\/aperitiu-poetic-amb-ana-blandiana-en-catala-i-frances\" target=\"_blank\"> <img decoding=\"async\" align=\"left\" hspace=\"5\" src=\"https:\/\/www.jaimes.cat\/imagenes\/poridentidad\/?identidad=bb5f8dbd-058f-431a-9fc4-9e5a1a9d5124&amp;ancho=600&amp;alto=\"><\/a><\/p>\n<p>Amb Antoni Clap&eacute;s, Jean Poncet i Corina Oproae que parlaran amb Ana Blandiana i en llegiran les seves versions<\/p>\n","protected":false},"excerpt":{"rendered":"<p>Amb Antoni Clap\u00e9s, Jean Poncet i Corina Oproae que parlaran amb Ana Blandiana i en llegiran les seves versions<\/p>\n","protected":false},"author":1,"featured_media":0,"comment_status":"closed","ping_status":"open","sticky":false,"template":"","format":"standard","meta":{"_et_pb_use_builder":"","_et_pb_old_content":"","_et_gb_content_width":"","footnotes":""},"categories":[6,1],"tags":[],"class_list":["post-1796","post","type-post","status-publish","format-standard","hentry","category-activitats","category-uncategorized"],"_links":{"self":[{"href":"https:\/\/journal.jaimes.cat\/index.php?rest_route=\/wp\/v2\/posts\/1796","targetHints":{"allow":["GET"]}}],"collection":[{"href":"https:\/\/journal.jaimes.cat\/index.php?rest_route=\/wp\/v2\/posts"}],"about":[{"href":"https:\/\/journal.jaimes.cat\/index.php?rest_route=\/wp\/v2\/types\/post"}],"author":[{"embeddable":true,"href":"https:\/\/journal.jaimes.cat\/index.php?rest_route=\/wp\/v2\/users\/1"}],"replies":[{"embeddable":true,"href":"https:\/\/journal.jaimes.cat\/index.php?rest_route=%2Fwp%2Fv2%2Fcomments&post=1796"}],"version-history":[{"count":1,"href":"https:\/\/journal.jaimes.cat\/index.php?rest_route=\/wp\/v2\/posts\/1796\/revisions"}],"predecessor-version":[{"id":1802,"href":"https:\/\/journal.jaimes.cat\/index.php?rest_route=\/wp\/v2\/posts\/1796\/revisions\/1802"}],"wp:attachment":[{"href":"https:\/\/journal.jaimes.cat\/index.php?rest_route=%2Fwp%2Fv2%2Fmedia&parent=1796"}],"wp:term":[{"taxonomy":"category","embeddable":true,"href":"https:\/\/journal.jaimes.cat\/index.php?rest_route=%2Fwp%2Fv2%2Fcategories&post=1796"},{"taxonomy":"post_tag","embeddable":true,"href":"https:\/\/journal.jaimes.cat\/index.php?rest_route=%2Fwp%2Fv2%2Ftags&post=1796"}],"curies":[{"name":"wp","href":"https:\/\/api.w.org\/{rel}","templated":true}]}}