{"id":1752,"date":"2025-04-01T12:00:00","date_gmt":"2025-04-01T10:00:00","guid":{"rendered":"https:\/\/journal.jaimes.cat\/?p=1752"},"modified":"2025-04-01T17:45:22","modified_gmt":"2025-04-01T15:45:22","slug":"aperitiu-literari-amb-philippe-claudel-per-la-sortida-de-la-traduccio-al-catala-i-al-castella-crepusculo-crepuscle-en-ed-salamandra-angle","status":"publish","type":"post","link":"https:\/\/journal.jaimes.cat\/?p=1752","title":{"rendered":"Aperitiu literari amb Philippe Claudel, per la sortida de la traducci\u00f3 al catal\u00e0 i al castell\u00e0 &#8220;Crep\u00fasculo-Crepuscle&#8221; en ed. Salamandra-Angle"},"content":{"rendered":"<p><a href=\"https:\/\/www.jaimes.cat\/event\/1840\/aperitiu-literari-amb-philippe-claudel-per-la-sortida-de-la-traduccio-al-catala-i-al-castella-crepusculo-crepuscle-en-ed-salamandra-angle\" target=\"_blank\"> <img decoding=\"async\" align=\"left\" hspace=\"5\" src=\"https:\/\/www.jaimes.cat\/imagenes\/poridentidad\/?identidad=7bc20eb9-eb45-43eb-97e9-b5c187fd0d0f&amp;ancho=600&amp;alto=\"><\/a><\/p>\n<p>Ap&eacute;ro litt&eacute;raire avec Philippe Claudel &agrave; l&#8217;occasion de la parution en espagnol de son livre &#8220;Cr&eacute;puscule&#8221;<\/p>\n","protected":false},"excerpt":{"rendered":"<p>Ap\u00e9ro litt\u00e9raire avec Philippe Claudel \u00e0 l&#8217;occasion de la parution en espagnol de son livre &#8220;Cr\u00e9puscule&#8221;<\/p>\n","protected":false},"author":1,"featured_media":0,"comment_status":"closed","ping_status":"open","sticky":false,"template":"","format":"standard","meta":{"_et_pb_use_builder":"","_et_pb_old_content":"","_et_gb_content_width":"","footnotes":""},"categories":[6,1],"tags":[],"class_list":["post-1752","post","type-post","status-publish","format-standard","hentry","category-activitats","category-uncategorized"],"_links":{"self":[{"href":"https:\/\/journal.jaimes.cat\/index.php?rest_route=\/wp\/v2\/posts\/1752","targetHints":{"allow":["GET"]}}],"collection":[{"href":"https:\/\/journal.jaimes.cat\/index.php?rest_route=\/wp\/v2\/posts"}],"about":[{"href":"https:\/\/journal.jaimes.cat\/index.php?rest_route=\/wp\/v2\/types\/post"}],"author":[{"embeddable":true,"href":"https:\/\/journal.jaimes.cat\/index.php?rest_route=\/wp\/v2\/users\/1"}],"replies":[{"embeddable":true,"href":"https:\/\/journal.jaimes.cat\/index.php?rest_route=%2Fwp%2Fv2%2Fcomments&post=1752"}],"version-history":[{"count":1,"href":"https:\/\/journal.jaimes.cat\/index.php?rest_route=\/wp\/v2\/posts\/1752\/revisions"}],"predecessor-version":[{"id":1755,"href":"https:\/\/journal.jaimes.cat\/index.php?rest_route=\/wp\/v2\/posts\/1752\/revisions\/1755"}],"wp:attachment":[{"href":"https:\/\/journal.jaimes.cat\/index.php?rest_route=%2Fwp%2Fv2%2Fmedia&parent=1752"}],"wp:term":[{"taxonomy":"category","embeddable":true,"href":"https:\/\/journal.jaimes.cat\/index.php?rest_route=%2Fwp%2Fv2%2Fcategories&post=1752"},{"taxonomy":"post_tag","embeddable":true,"href":"https:\/\/journal.jaimes.cat\/index.php?rest_route=%2Fwp%2Fv2%2Ftags&post=1752"}],"curies":[{"name":"wp","href":"https:\/\/api.w.org\/{rel}","templated":true}]}}