{"id":1750,"date":"2025-04-01T12:00:00","date_gmt":"2025-04-01T10:00:00","guid":{"rendered":"https:\/\/journal.jaimes.cat\/?p=1750"},"modified":"2025-03-25T10:27:41","modified_gmt":"2025-03-25T09:27:41","slug":"aperitiu-literari-amb-philippe-claudel-per-la-sortida-de-la-traduccio-al-castella-crepusculo-en-ed-salamandra","status":"publish","type":"post","link":"https:\/\/journal.jaimes.cat\/?p=1750","title":{"rendered":"Aperitiu literari amb Philippe Claudel, per la sortida de la traducci\u00f3 al castell\u00e0 &#8220;Crep\u00fasculo&#8221; en ed. Salamandra"},"content":{"rendered":"<p><a href=\"https:\/\/www.jaimes.cat\/event\/1840\/aperitiu-literari-amb-philippe-claudel-per-la-sortida-de-la-traduccio-al-castella-crepusculo-en-ed-salamandra\" target=\"_blank\"> <img decoding=\"async\" align=\"left\" hspace=\"5\" src=\"https:\/\/www.jaimes.cat\/imagenes\/poridentidad\/?identidad=815fdba0-94f2-43b1-afd7-2a0c2ebb8aa6&amp;ancho=600&amp;alto=\"><\/a><\/p>\n<p>Ap&eacute;ro litt&eacute;raire avec Philippe Claudel &agrave; l&#8217;occasion de la parution en espagnol de son livre &#8220;Cr&eacute;puscule&#8221;<\/p>\n","protected":false},"excerpt":{"rendered":"<p>Ap\u00e9ro litt\u00e9raire avec Philippe Claudel \u00e0 l&#8217;occasion de la parution en espagnol de son livre &#8220;Cr\u00e9puscule&#8221;<\/p>\n","protected":false},"author":1,"featured_media":0,"comment_status":"closed","ping_status":"open","sticky":false,"template":"","format":"standard","meta":{"_et_pb_use_builder":"","_et_pb_old_content":"","_et_gb_content_width":"","footnotes":""},"categories":[6,1],"tags":[],"class_list":["post-1750","post","type-post","status-publish","format-standard","hentry","category-activitats","category-uncategorized"],"_links":{"self":[{"href":"https:\/\/journal.jaimes.cat\/index.php?rest_route=\/wp\/v2\/posts\/1750","targetHints":{"allow":["GET"]}}],"collection":[{"href":"https:\/\/journal.jaimes.cat\/index.php?rest_route=\/wp\/v2\/posts"}],"about":[{"href":"https:\/\/journal.jaimes.cat\/index.php?rest_route=\/wp\/v2\/types\/post"}],"author":[{"embeddable":true,"href":"https:\/\/journal.jaimes.cat\/index.php?rest_route=\/wp\/v2\/users\/1"}],"replies":[{"embeddable":true,"href":"https:\/\/journal.jaimes.cat\/index.php?rest_route=%2Fwp%2Fv2%2Fcomments&post=1750"}],"version-history":[{"count":1,"href":"https:\/\/journal.jaimes.cat\/index.php?rest_route=\/wp\/v2\/posts\/1750\/revisions"}],"predecessor-version":[{"id":1751,"href":"https:\/\/journal.jaimes.cat\/index.php?rest_route=\/wp\/v2\/posts\/1750\/revisions\/1751"}],"wp:attachment":[{"href":"https:\/\/journal.jaimes.cat\/index.php?rest_route=%2Fwp%2Fv2%2Fmedia&parent=1750"}],"wp:term":[{"taxonomy":"category","embeddable":true,"href":"https:\/\/journal.jaimes.cat\/index.php?rest_route=%2Fwp%2Fv2%2Fcategories&post=1750"},{"taxonomy":"post_tag","embeddable":true,"href":"https:\/\/journal.jaimes.cat\/index.php?rest_route=%2Fwp%2Fv2%2Ftags&post=1750"}],"curies":[{"name":"wp","href":"https:\/\/api.w.org\/{rel}","templated":true}]}}