{"id":1627,"date":"2025-01-25T11:30:00","date_gmt":"2025-01-25T10:30:00","guid":{"rendered":"https:\/\/journal.jaimes.cat\/?p=1627"},"modified":"2025-01-25T21:33:48","modified_gmt":"2025-01-25T20:33:48","slug":"jaime-les-samedis-monte-sur-scene-avec-mimi-a-loccasion-du-festival-oui-festival-de-theatre-francais-de-barcelone-a-ne-pas-rater-non-plus","status":"publish","type":"post","link":"https:\/\/journal.jaimes.cat\/?p=1627","title":{"rendered":"J&#039;aime les samedis, Monte sur sc\u00e8ne avec Mimi ! A l&#039;occasion du Festival OUI; Festival de th\u00e9\u00e2tre fran\u00e7ais de Barcelone (\u00e0 ne pas rater non plus)"},"content":{"rendered":"<p><a href=\"https:\/\/www.jaimes.cat\/event\/1798\/jaime-les-samedis-monte-sur-scene-avec-mimi-a-loccasion-du-festival-oui-festival-de-theatre-francais-de-barcelone-a-ne-pas-rater-non-plus\" target=\"_blank\"> <img decoding=\"async\" align=\"left\" hspace=\"5\" src=\"https:\/\/www.jaimes.cat\/imagenes\/poridentidad\/?identidad=f5081319-a503-48f5-abfd-32c555df97d1&amp;ancho=600&amp;alto=\"><\/a><\/p>\n<p>Une activit&eacute; de contes et travaux manuels, recommand&eacute;e &agrave; partir de 3 ans, &agrave; 11h30 et &agrave; 17h30<\/p>\n","protected":false},"excerpt":{"rendered":"<p>Une activit\u00e9 de contes et travaux manuels, recommand\u00e9e \u00e0 partir de 3 ans, \u00e0 11h30 et \u00e0 17h30<\/p>\n","protected":false},"author":1,"featured_media":0,"comment_status":"closed","ping_status":"open","sticky":false,"template":"","format":"standard","meta":{"_et_pb_use_builder":"","_et_pb_old_content":"","_et_gb_content_width":"","footnotes":""},"categories":[6,1],"tags":[],"class_list":["post-1627","post","type-post","status-publish","format-standard","hentry","category-activitats","category-uncategorized"],"_links":{"self":[{"href":"https:\/\/journal.jaimes.cat\/index.php?rest_route=\/wp\/v2\/posts\/1627","targetHints":{"allow":["GET"]}}],"collection":[{"href":"https:\/\/journal.jaimes.cat\/index.php?rest_route=\/wp\/v2\/posts"}],"about":[{"href":"https:\/\/journal.jaimes.cat\/index.php?rest_route=\/wp\/v2\/types\/post"}],"author":[{"embeddable":true,"href":"https:\/\/journal.jaimes.cat\/index.php?rest_route=\/wp\/v2\/users\/1"}],"replies":[{"embeddable":true,"href":"https:\/\/journal.jaimes.cat\/index.php?rest_route=%2Fwp%2Fv2%2Fcomments&post=1627"}],"version-history":[{"count":1,"href":"https:\/\/journal.jaimes.cat\/index.php?rest_route=\/wp\/v2\/posts\/1627\/revisions"}],"predecessor-version":[{"id":1629,"href":"https:\/\/journal.jaimes.cat\/index.php?rest_route=\/wp\/v2\/posts\/1627\/revisions\/1629"}],"wp:attachment":[{"href":"https:\/\/journal.jaimes.cat\/index.php?rest_route=%2Fwp%2Fv2%2Fmedia&parent=1627"}],"wp:term":[{"taxonomy":"category","embeddable":true,"href":"https:\/\/journal.jaimes.cat\/index.php?rest_route=%2Fwp%2Fv2%2Fcategories&post=1627"},{"taxonomy":"post_tag","embeddable":true,"href":"https:\/\/journal.jaimes.cat\/index.php?rest_route=%2Fwp%2Fv2%2Ftags&post=1627"}],"curies":[{"name":"wp","href":"https:\/\/api.w.org\/{rel}","templated":true}]}}