{"id":1489,"date":"2024-11-07T18:30:00","date_gmt":"2024-11-07T17:30:00","guid":{"rendered":"https:\/\/journal.jaimes.cat\/?p=1489"},"modified":"2024-11-07T22:31:37","modified_gmt":"2024-11-07T21:31:37","slug":"presentation-du-livre-las-nuevas-extremas-derechas-en-el-mundo-de-led-tirant-lo-blanch","status":"publish","type":"post","link":"https:\/\/journal.jaimes.cat\/?p=1489","title":{"rendered":"Pr\u00e9sentation du livre : &#8221; Las nuevas extremas derechas en el mundo &#8221; de l&#039;\u00e9d. Tirant Lo Blanch"},"content":{"rendered":"<p><a href=\"https:\/\/www.jaimes.cat\/event\/1745\/presentation-du-livre-las-nuevas-extremas-derechas-en-el-mundo-de-led-tirant-lo-blanch\" target=\"_blank\" rel=\"noopener\"> <img decoding=\"async\" align=\"left\" hspace=\"5\" src=\"https:\/\/www.jaimes.cat\/imagenes\/poridentidad\/?identidad=125d40c7-9c8f-4488-832b-bde8b2e6428e&amp;ancho=600&amp;alto=\"><\/a><\/p>\n<p>Avec une des auteures Ga&euml;lle Lecomte, l&#8217;historien Guillaume Horn et Pierre Boisbunon, pr&eacute;sident de l&#8217;Association ADFE Fran&ccedil;ais du Monde Catalogne<\/p>\n","protected":false},"excerpt":{"rendered":"<p>Avec une des auteures Ga\u00eblle Lecomte, l&#8217;historien Guillaume Horn et Pierre Boisbunon, pr\u00e9sident de l&#8217;Association ADFE Fran\u00e7ais du Monde Catalogne<\/p>\n","protected":false},"author":1,"featured_media":0,"comment_status":"closed","ping_status":"open","sticky":false,"template":"","format":"standard","meta":{"_et_pb_use_builder":"","_et_pb_old_content":"","_et_gb_content_width":"","footnotes":""},"categories":[6,1],"tags":[],"class_list":["post-1489","post","type-post","status-publish","format-standard","hentry","category-activitats","category-uncategorized"],"_links":{"self":[{"href":"https:\/\/journal.jaimes.cat\/index.php?rest_route=\/wp\/v2\/posts\/1489","targetHints":{"allow":["GET"]}}],"collection":[{"href":"https:\/\/journal.jaimes.cat\/index.php?rest_route=\/wp\/v2\/posts"}],"about":[{"href":"https:\/\/journal.jaimes.cat\/index.php?rest_route=\/wp\/v2\/types\/post"}],"author":[{"embeddable":true,"href":"https:\/\/journal.jaimes.cat\/index.php?rest_route=\/wp\/v2\/users\/1"}],"replies":[{"embeddable":true,"href":"https:\/\/journal.jaimes.cat\/index.php?rest_route=%2Fwp%2Fv2%2Fcomments&post=1489"}],"version-history":[{"count":1,"href":"https:\/\/journal.jaimes.cat\/index.php?rest_route=\/wp\/v2\/posts\/1489\/revisions"}],"predecessor-version":[{"id":1490,"href":"https:\/\/journal.jaimes.cat\/index.php?rest_route=\/wp\/v2\/posts\/1489\/revisions\/1490"}],"wp:attachment":[{"href":"https:\/\/journal.jaimes.cat\/index.php?rest_route=%2Fwp%2Fv2%2Fmedia&parent=1489"}],"wp:term":[{"taxonomy":"category","embeddable":true,"href":"https:\/\/journal.jaimes.cat\/index.php?rest_route=%2Fwp%2Fv2%2Fcategories&post=1489"},{"taxonomy":"post_tag","embeddable":true,"href":"https:\/\/journal.jaimes.cat\/index.php?rest_route=%2Fwp%2Fv2%2Ftags&post=1489"}],"curies":[{"name":"wp","href":"https:\/\/api.w.org\/{rel}","templated":true}]}}