{"id":1420,"date":"2024-06-19T18:30:00","date_gmt":"2024-06-19T16:30:00","guid":{"rendered":"https:\/\/journal.jaimes.cat\/?p=1420"},"modified":"2024-06-20T03:31:07","modified_gmt":"2024-06-20T01:31:07","slug":"presentacio-del-llibre-amerikarrak-de-montse-coll-i-piera-de-edicions-de-lalbi","status":"publish","type":"post","link":"https:\/\/journal.jaimes.cat\/?p=1420","title":{"rendered":"Presentaci\u00f3 del llibre &#8220;Amerikarrak&#8221; de Montse Coll i Piera de Edicions de L\u2019Alb\u00ed"},"content":{"rendered":"<p><a href=\"https:\/\/www.jaimes.cat\/event\/1717\/presentacio-del-llibre-amerikarrak-de-montse-coll-i-piera-de-edicions-de-lalbi\" target=\"_blank\" rel=\"noopener\"> <img decoding=\"async\" align=\"left\" hspace=\"5\" src=\"https:\/\/www.jaimes.cat\/imagenes\/poridentidad\/?identidad=5bba1ca8-0d4a-41e9-a89c-3ec9a00f7832&amp;ancho=600&amp;alto=\"><\/a><\/p>\n<p>Quan la Karmele surt de la pres&oacute; de Yeser&iacute;as, despr&eacute;s d&rsquo;haver estat sis anys tancada per uns de-<br \/>lictes que no ha com&egrave;s, demana a la seva &agrave;via, l&rsquo;amama Benantzi, que li relati la hist&ograve;ria dels seus<br \/>or&iacute;gens. Una hist&ograve;ria que ens transporta a la di&agrave;spora americana dels bascos del segle XX, amb un<br \/>curi&oacute;s doble vessant de perfils antag&ograve;nics: els pastors d&rsquo;ovelles que anaven a menar ramats a les pas-<br \/>tures d&rsquo;Idaho i els pilotaris que esdevenien figures als frontons de Florida. La vida solit&agrave;ria i dura d&rsquo;uns,<br \/>enfront de la vida p&uacute;blica i dissipada dels altres. L&rsquo;oblit o la fama. Al poble, a tots se&rsquo;ls coneix com &laquo;els<br \/>americans&raquo;, i d&rsquo;aqu&iacute; el t&iacute;tol, Amerikarrak, que hem volgut mantenir en basc. Alguns tornaran a Euskadi,<br \/>d&rsquo;altres no ho faran mai.<br \/>La narradora dels fets, l&rsquo;amama Benantzi, &eacute;s una aut&egrave;ntica matriarca basca, forta i lluitadora, arre-<br \/>lada a la terra dels seus ancestres, a red&oacute;s del mont Kalamua. L&rsquo;her&egrave;ncia gen&egrave;tica provoca que a la<br \/>fam&iacute;lia hi sovintegin les parelles de dones bessones: la Bibiana i l&rsquo;Aurelia, la Karmele i l&rsquo;Alazne, carac-<br \/>teritzades per la m&agrave;gia dels seus ulls de tons inversemblants. Identitats femenines que s&rsquo;intercanvien i es<br \/>barregen com la mateixa coloraci&oacute; de les mirades.<br \/>La novel&middot;la relata la hist&ograve;ria familiar des de la primera meitat del segle XX fins als anys de la transici&oacute;<br \/>democr&agrave;tica. Els fils de la narraci&oacute; es barregen amb la incid&egrave;ncia d&rsquo;ETA en la societat rural basca i la<br \/>conseg&uuml;ent onada repressiva per part de l&rsquo;Estat espanyol. La venjan&ccedil;a com a impuls primari de super-<br \/>viv&egrave;ncia; el silenci com a &uacute;nic instrument per a salvaguardar la conviv&egrave;ncia.<\/p>\n","protected":false},"excerpt":{"rendered":"<p>Quan la Karmele surt de la pres\u00f3 de Yeser\u00edas, despr\u00e9s d\u2019haver estat sis anys tancada per uns de-lictes que no ha com\u00e8s, demana a la seva \u00e0via, l\u2019amama Benantzi, que li relati la hist\u00f2ria dels seusor\u00edgens. Una hist\u00f2ria que ens transporta a la di\u00e0spora americana dels bascos del segle XX, amb uncuri\u00f3s doble vessant de<\/p>\n","protected":false},"author":1,"featured_media":0,"comment_status":"closed","ping_status":"open","sticky":false,"template":"","format":"standard","meta":{"_et_pb_use_builder":"","_et_pb_old_content":"","_et_gb_content_width":"","footnotes":""},"categories":[6,1],"tags":[],"class_list":["post-1420","post","type-post","status-publish","format-standard","hentry","category-activitats","category-uncategorized"],"_links":{"self":[{"href":"https:\/\/journal.jaimes.cat\/index.php?rest_route=\/wp\/v2\/posts\/1420","targetHints":{"allow":["GET"]}}],"collection":[{"href":"https:\/\/journal.jaimes.cat\/index.php?rest_route=\/wp\/v2\/posts"}],"about":[{"href":"https:\/\/journal.jaimes.cat\/index.php?rest_route=\/wp\/v2\/types\/post"}],"author":[{"embeddable":true,"href":"https:\/\/journal.jaimes.cat\/index.php?rest_route=\/wp\/v2\/users\/1"}],"replies":[{"embeddable":true,"href":"https:\/\/journal.jaimes.cat\/index.php?rest_route=%2Fwp%2Fv2%2Fcomments&post=1420"}],"version-history":[{"count":1,"href":"https:\/\/journal.jaimes.cat\/index.php?rest_route=\/wp\/v2\/posts\/1420\/revisions"}],"predecessor-version":[{"id":1424,"href":"https:\/\/journal.jaimes.cat\/index.php?rest_route=\/wp\/v2\/posts\/1420\/revisions\/1424"}],"wp:attachment":[{"href":"https:\/\/journal.jaimes.cat\/index.php?rest_route=%2Fwp%2Fv2%2Fmedia&parent=1420"}],"wp:term":[{"taxonomy":"category","embeddable":true,"href":"https:\/\/journal.jaimes.cat\/index.php?rest_route=%2Fwp%2Fv2%2Fcategories&post=1420"},{"taxonomy":"post_tag","embeddable":true,"href":"https:\/\/journal.jaimes.cat\/index.php?rest_route=%2Fwp%2Fv2%2Ftags&post=1420"}],"curies":[{"name":"wp","href":"https:\/\/api.w.org\/{rel}","templated":true}]}}