{"id":1376,"date":"2024-05-27T19:00:00","date_gmt":"2024-05-27T17:00:00","guid":{"rendered":"https:\/\/journal.jaimes.cat\/?p=1376"},"modified":"2024-05-27T21:18:28","modified_gmt":"2024-05-27T19:18:28","slug":"regards-sur-le-monde-a-linstitut-francais-quin-es-lestat-dels-drets-lgbt-al-mon","status":"publish","type":"post","link":"https:\/\/journal.jaimes.cat\/?p=1376","title":{"rendered":"Regards sur le monde \u00e0 l&#039;Institut fran\u00e7ais : Quin \u00e9s l\u2019estat dels drets LGBT+ al m\u00f3n?"},"content":{"rendered":"<p><a href=\"https:\/\/www.jaimes.cat\/event\/1701\/regards-sur-le-monde-a-linstitut-francais-quin-es-lestat-dels-drets-lgbt-al-mon\" target=\"_blank\" rel=\"noopener\"> <img decoding=\"async\" align=\"left\" hspace=\"5\" src=\"https:\/\/www.jaimes.cat\/imagenes\/poridentidad\/?identidad=4a1dc713-83ae-4692-b69c-8d571c05c757&amp;ancho=600&amp;alto=\"><\/a><\/p>\n<p>Avec le journaliste Guillaume Delacroix, Jean-Marc Berthon, ambaixador de Fran&ccedil;a dels drets de les persones LGBT+ y Meritxell S&aacute;ez, t&egrave;cnica referente del &agrave;mbito de promoci&oacute;n de los derechos LGTBI de la Direcci&oacute; de feminismes i LGTBI de l&#8217;Ajuntament de Barcelona <\/p>\n","protected":false},"excerpt":{"rendered":"<p>Avec le journaliste Guillaume Delacroix, Jean-Marc Berthon, ambaixador de Fran\u00e7a dels drets de les persones LGBT+ y Meritxell S\u00e1ez, t\u00e8cnica referente del \u00e0mbito de promoci\u00f3n de los derechos LGTBI de la Direcci\u00f3 de feminismes i LGTBI de l&#8217;Ajuntament de Barcelona<\/p>\n","protected":false},"author":1,"featured_media":0,"comment_status":"closed","ping_status":"open","sticky":false,"template":"","format":"standard","meta":{"_et_pb_use_builder":"","_et_pb_old_content":"","_et_gb_content_width":"","footnotes":""},"categories":[6,1],"tags":[],"class_list":["post-1376","post","type-post","status-publish","format-standard","hentry","category-activitats","category-uncategorized"],"_links":{"self":[{"href":"https:\/\/journal.jaimes.cat\/index.php?rest_route=\/wp\/v2\/posts\/1376","targetHints":{"allow":["GET"]}}],"collection":[{"href":"https:\/\/journal.jaimes.cat\/index.php?rest_route=\/wp\/v2\/posts"}],"about":[{"href":"https:\/\/journal.jaimes.cat\/index.php?rest_route=\/wp\/v2\/types\/post"}],"author":[{"embeddable":true,"href":"https:\/\/journal.jaimes.cat\/index.php?rest_route=\/wp\/v2\/users\/1"}],"replies":[{"embeddable":true,"href":"https:\/\/journal.jaimes.cat\/index.php?rest_route=%2Fwp%2Fv2%2Fcomments&post=1376"}],"version-history":[{"count":2,"href":"https:\/\/journal.jaimes.cat\/index.php?rest_route=\/wp\/v2\/posts\/1376\/revisions"}],"predecessor-version":[{"id":1381,"href":"https:\/\/journal.jaimes.cat\/index.php?rest_route=\/wp\/v2\/posts\/1376\/revisions\/1381"}],"wp:attachment":[{"href":"https:\/\/journal.jaimes.cat\/index.php?rest_route=%2Fwp%2Fv2%2Fmedia&parent=1376"}],"wp:term":[{"taxonomy":"category","embeddable":true,"href":"https:\/\/journal.jaimes.cat\/index.php?rest_route=%2Fwp%2Fv2%2Fcategories&post=1376"},{"taxonomy":"post_tag","embeddable":true,"href":"https:\/\/journal.jaimes.cat\/index.php?rest_route=%2Fwp%2Fv2%2Ftags&post=1376"}],"curies":[{"name":"wp","href":"https:\/\/api.w.org\/{rel}","templated":true}]}}