{"id":1286,"date":"2024-04-09T19:00:00","date_gmt":"2024-04-09T17:00:00","guid":{"rendered":"https:\/\/journal.jaimes.cat\/?p=1286"},"modified":"2024-04-10T04:03:18","modified_gmt":"2024-04-10T02:03:18","slug":"presentacio-del-llibre-el-radar-america-arquitectura-art-comunicacio-visual-i-guerra-freda-den-vicenc-altaio","status":"publish","type":"post","link":"https:\/\/journal.jaimes.cat\/?p=1286","title":{"rendered":"Presentaci\u00f3 del llibre : &#8220;El radar americ\u00e0 Arquitectura, art, comunicaci\u00f3 visual i Guerra Freda&#8221; d&#039;en Vicen\u00e7 Altai\u00f3"},"content":{"rendered":"<p><a href=\"https:\/\/www.jaimes.cat\/event\/1665\/presentacio-del-llibre-el-radar-america-arquitectura-art-comunicacio-visual-i-guerra-freda-den-vicenc-altaio\" target=\"_blank\" rel=\"noopener\"> <img decoding=\"async\" align=\"left\" hspace=\"5\" src=\"https:\/\/www.jaimes.cat\/imagenes\/poridentidad\/?identidad=d2fbd1d2-8137-460c-86dc-25357236b5db&amp;ancho=600&amp;alto=\"><\/a><\/p>\n<p>Josep Massot dialogar&agrave; amb en VIcen&ccedil; Altai&oacute;<\/p>\n","protected":false},"excerpt":{"rendered":"<p>Josep Massot dialogar\u00e0 amb en VIcen\u00e7 Altai\u00f3<\/p>\n","protected":false},"author":1,"featured_media":0,"comment_status":"closed","ping_status":"open","sticky":false,"template":"","format":"standard","meta":{"_et_pb_use_builder":"","_et_pb_old_content":"","_et_gb_content_width":"","footnotes":""},"categories":[6,1],"tags":[],"class_list":["post-1286","post","type-post","status-publish","format-standard","hentry","category-activitats","category-uncategorized"],"_links":{"self":[{"href":"https:\/\/journal.jaimes.cat\/index.php?rest_route=\/wp\/v2\/posts\/1286","targetHints":{"allow":["GET"]}}],"collection":[{"href":"https:\/\/journal.jaimes.cat\/index.php?rest_route=\/wp\/v2\/posts"}],"about":[{"href":"https:\/\/journal.jaimes.cat\/index.php?rest_route=\/wp\/v2\/types\/post"}],"author":[{"embeddable":true,"href":"https:\/\/journal.jaimes.cat\/index.php?rest_route=\/wp\/v2\/users\/1"}],"replies":[{"embeddable":true,"href":"https:\/\/journal.jaimes.cat\/index.php?rest_route=%2Fwp%2Fv2%2Fcomments&post=1286"}],"version-history":[{"count":1,"href":"https:\/\/journal.jaimes.cat\/index.php?rest_route=\/wp\/v2\/posts\/1286\/revisions"}],"predecessor-version":[{"id":1291,"href":"https:\/\/journal.jaimes.cat\/index.php?rest_route=\/wp\/v2\/posts\/1286\/revisions\/1291"}],"wp:attachment":[{"href":"https:\/\/journal.jaimes.cat\/index.php?rest_route=%2Fwp%2Fv2%2Fmedia&parent=1286"}],"wp:term":[{"taxonomy":"category","embeddable":true,"href":"https:\/\/journal.jaimes.cat\/index.php?rest_route=%2Fwp%2Fv2%2Fcategories&post=1286"},{"taxonomy":"post_tag","embeddable":true,"href":"https:\/\/journal.jaimes.cat\/index.php?rest_route=%2Fwp%2Fv2%2Ftags&post=1286"}],"curies":[{"name":"wp","href":"https:\/\/api.w.org\/{rel}","templated":true}]}}